{"id":4875,"date":"2022-05-01T11:02:32","date_gmt":"2022-05-01T09:02:32","guid":{"rendered":"https:\/\/camping-le-cottet.fr\/ouverture-du-camping\/"},"modified":"2022-08-03T11:49:40","modified_gmt":"2022-08-03T09:49:40","slug":"ouverture-du-camping-en","status":"publish","type":"post","link":"https:\/\/camping-le-cottet.fr\/en\/ouverture-du-camping-en\/","title":{"rendered":"Ouverture du Camping-EN"},"content":{"rendered":"\t\t<div data-elementor-type=\"wp-post\" data-elementor-id=\"4875\" class=\"elementor elementor-4875 elementor-110\">\n\t\t\t\t\t\t<section class=\"elementor-section elementor-top-section elementor-element elementor-element-5404d7a elementor-section-full_width elementor-section-height-default elementor-section-height-default parallax_section_no qode_elementor_container_no\" data-id=\"5404d7a\" data-element_type=\"section\" data-e-type=\"section\">\n\t\t\t\t\t\t<div class=\"elementor-container elementor-column-gap-default\">\n\t\t\t\t\t<div class=\"elementor-column elementor-col-100 elementor-top-column elementor-element elementor-element-712bc1b\" data-id=\"712bc1b\" data-element_type=\"column\" data-e-type=\"column\">\n\t\t\t<div class=\"elementor-widget-wrap elementor-element-populated\">\n\t\t\t\t\t\t<div class=\"elementor-element elementor-element-db2183f elementor-widget elementor-widget-text-editor\" data-id=\"db2183f\" data-element_type=\"widget\" data-e-type=\"widget\" data-widget_type=\"text-editor.default\">\n\t\t\t\t<div class=\"elementor-widget-container\">\n\t\t\t\t\t\t\t\t\t<p>Ouf\u00a0!!! On a boss\u00e9 dur\u00a0! Tr\u00e8s dur\u00a0! Travaux de ci, travaux de l\u00e0\u00a0! Plein le dos mais \u00e7a prend forme\u00a0! Tout le monde y a particip\u00e9 m\u00eame en y laissant des doigts\u00a0!!<\/p><p>On l\u2019avait dit, on l\u2019a fait\u00a0! Notre camping ouvre ce printemps avec les transformations promises.<\/p><p>Pour nos campeurs nous avons pens\u00e9 \u00e0 mettre \u00e0 disposition un espace convivial qui vous permettra de cuisiner en plein air.<\/p><p>Pour nos amis soucieux de la plan\u00e8te nous avons pens\u00e9 \u00e0 utiliser le soleil\u00a0: l\u2019eau chaude des sanitaires est produite par des panneaux solaires.<\/p><p>Et bien plus encore\u2026<\/p><p>\u00a0<\/p>\t\t\t\t\t\t\t\t<\/div>\n\t\t\t\t<\/div>\n\t\t\t\t\t<\/div>\n\t\t<\/div>\n\t\t\t\t\t<\/div>\n\t\t<\/section>\n\t\t\t\t<section class=\"elementor-section elementor-top-section elementor-element elementor-element-109cca5 elementor-section-boxed elementor-section-height-default elementor-section-height-default parallax_section_no qode_elementor_container_no\" data-id=\"109cca5\" data-element_type=\"section\" data-e-type=\"section\">\n\t\t\t\t\t\t<div class=\"elementor-container elementor-column-gap-default\">\n\t\t\t\t\t<div class=\"elementor-column elementor-col-25 elementor-top-column elementor-element elementor-element-4a92ef5\" data-id=\"4a92ef5\" data-element_type=\"column\" data-e-type=\"column\">\n\t\t\t<div class=\"elementor-widget-wrap elementor-element-populated\">\n\t\t\t\t\t\t<div class=\"elementor-element elementor-element-e0aecdc elementor-widget elementor-widget-image\" data-id=\"e0aecdc\" data-element_type=\"widget\" data-e-type=\"widget\" data-widget_type=\"image.default\">\n\t\t\t\t<div class=\"elementor-widget-container\">\n\t\t\t\t\t\t\t\t\t\t\t\t\t\t\t\t<a href=\"https:\/\/camping-le-cottet.fr\/wp-content\/uploads\/2019\/11\/Camping-Le-Cottet-Saint-Appolinard-Ouverture-du-Camping-5.jpg\" data-elementor-open-lightbox=\"yes\" data-elementor-lightbox-title=\"Camping Le Cottet-Saint Appolinard- Ouverture du Camping (5)\" data-e-action-hash=\"#elementor-action%3Aaction%3Dlightbox%26settings%3DeyJpZCI6Mzk1MiwidXJsIjoiaHR0cHM6XC9cL2NhbXBpbmctbGUtY290dGV0LmZyXC93cC1jb250ZW50XC91cGxvYWRzXC8yMDE5XC8xMVwvQ2FtcGluZy1MZS1Db3R0ZXQtU2FpbnQtQXBwb2xpbmFyZC1PdXZlcnR1cmUtZHUtQ2FtcGluZy01LmpwZyJ9\">\n\t\t\t\t\t\t\t<img fetchpriority=\"high\" decoding=\"async\" width=\"768\" height=\"1024\" src=\"https:\/\/camping-le-cottet.fr\/wp-content\/uploads\/2019\/11\/Camping-Le-Cottet-Saint-Appolinard-Ouverture-du-Camping-5-768x1024.jpg\" class=\"attachment-large size-large wp-image-3952\" alt=\"\" srcset=\"https:\/\/camping-le-cottet.fr\/wp-content\/uploads\/2019\/11\/Camping-Le-Cottet-Saint-Appolinard-Ouverture-du-Camping-5-768x1024.jpg 768w, https:\/\/camping-le-cottet.fr\/wp-content\/uploads\/2019\/11\/Camping-Le-Cottet-Saint-Appolinard-Ouverture-du-Camping-5-225x300.jpg 225w, https:\/\/camping-le-cottet.fr\/wp-content\/uploads\/2019\/11\/Camping-Le-Cottet-Saint-Appolinard-Ouverture-du-Camping-5-1152x1536.jpg 1152w, https:\/\/camping-le-cottet.fr\/wp-content\/uploads\/2019\/11\/Camping-Le-Cottet-Saint-Appolinard-Ouverture-du-Camping-5-600x800.jpg 600w, https:\/\/camping-le-cottet.fr\/wp-content\/uploads\/2019\/11\/Camping-Le-Cottet-Saint-Appolinard-Ouverture-du-Camping-5-700x933.jpg 700w, https:\/\/camping-le-cottet.fr\/wp-content\/uploads\/2019\/11\/Camping-Le-Cottet-Saint-Appolinard-Ouverture-du-Camping-5.jpg 1500w\" sizes=\"(max-width: 768px) 100vw, 768px\" \/>\t\t\t\t\t\t\t\t<\/a>\n\t\t\t\t\t\t\t\t\t\t\t\t\t\t\t<\/div>\n\t\t\t\t<\/div>\n\t\t\t\t\t<\/div>\n\t\t<\/div>\n\t\t\t\t<div class=\"elementor-column elementor-col-25 elementor-top-column elementor-element elementor-element-9bbeb78\" data-id=\"9bbeb78\" data-element_type=\"column\" data-e-type=\"column\">\n\t\t\t<div class=\"elementor-widget-wrap elementor-element-populated\">\n\t\t\t\t\t\t<div class=\"elementor-element elementor-element-835d515 elementor-widget elementor-widget-image\" data-id=\"835d515\" data-element_type=\"widget\" data-e-type=\"widget\" data-widget_type=\"image.default\">\n\t\t\t\t<div class=\"elementor-widget-container\">\n\t\t\t\t\t\t\t\t\t\t\t\t\t\t\t\t<a href=\"https:\/\/camping-le-cottet.fr\/wp-content\/uploads\/2019\/11\/Camping-Le-Cottet-Saint-Appolinard-Ouverture-du-Camping-4.jpg\" data-elementor-open-lightbox=\"yes\" data-elementor-lightbox-title=\"Camping Le Cottet-Saint Appolinard- Ouverture du Camping (4)\" data-e-action-hash=\"#elementor-action%3Aaction%3Dlightbox%26settings%3DeyJpZCI6Mzk1MCwidXJsIjoiaHR0cHM6XC9cL2NhbXBpbmctbGUtY290dGV0LmZyXC93cC1jb250ZW50XC91cGxvYWRzXC8yMDE5XC8xMVwvQ2FtcGluZy1MZS1Db3R0ZXQtU2FpbnQtQXBwb2xpbmFyZC1PdXZlcnR1cmUtZHUtQ2FtcGluZy00LmpwZyJ9\">\n\t\t\t\t\t\t\t<img decoding=\"async\" width=\"768\" height=\"1024\" src=\"https:\/\/camping-le-cottet.fr\/wp-content\/uploads\/2019\/11\/Camping-Le-Cottet-Saint-Appolinard-Ouverture-du-Camping-4-768x1024.jpg\" class=\"attachment-large size-large wp-image-3950\" alt=\"\" srcset=\"https:\/\/camping-le-cottet.fr\/wp-content\/uploads\/2019\/11\/Camping-Le-Cottet-Saint-Appolinard-Ouverture-du-Camping-4-768x1024.jpg 768w, https:\/\/camping-le-cottet.fr\/wp-content\/uploads\/2019\/11\/Camping-Le-Cottet-Saint-Appolinard-Ouverture-du-Camping-4-225x300.jpg 225w, https:\/\/camping-le-cottet.fr\/wp-content\/uploads\/2019\/11\/Camping-Le-Cottet-Saint-Appolinard-Ouverture-du-Camping-4-1152x1536.jpg 1152w, https:\/\/camping-le-cottet.fr\/wp-content\/uploads\/2019\/11\/Camping-Le-Cottet-Saint-Appolinard-Ouverture-du-Camping-4-600x800.jpg 600w, https:\/\/camping-le-cottet.fr\/wp-content\/uploads\/2019\/11\/Camping-Le-Cottet-Saint-Appolinard-Ouverture-du-Camping-4-700x933.jpg 700w, https:\/\/camping-le-cottet.fr\/wp-content\/uploads\/2019\/11\/Camping-Le-Cottet-Saint-Appolinard-Ouverture-du-Camping-4.jpg 1200w\" sizes=\"(max-width: 768px) 100vw, 768px\" \/>\t\t\t\t\t\t\t\t<\/a>\n\t\t\t\t\t\t\t\t\t\t\t\t\t\t\t<\/div>\n\t\t\t\t<\/div>\n\t\t\t\t\t<\/div>\n\t\t<\/div>\n\t\t\t\t<div class=\"elementor-column elementor-col-25 elementor-top-column elementor-element elementor-element-c89e763\" data-id=\"c89e763\" data-element_type=\"column\" data-e-type=\"column\">\n\t\t\t<div class=\"elementor-widget-wrap elementor-element-populated\">\n\t\t\t\t\t\t<div class=\"elementor-element elementor-element-b0ef62e elementor-widget elementor-widget-image\" data-id=\"b0ef62e\" data-element_type=\"widget\" data-e-type=\"widget\" data-widget_type=\"image.default\">\n\t\t\t\t<div class=\"elementor-widget-container\">\n\t\t\t\t\t\t\t\t\t\t\t\t\t\t\t\t<a href=\"https:\/\/camping-le-cottet.fr\/wp-content\/uploads\/2019\/11\/Camping-Le-Cottet-Saint-Appolinard-Ouverture-du-Camping-3.jpg\" data-elementor-open-lightbox=\"yes\" data-elementor-lightbox-title=\"Camping Le Cottet-Saint Appolinard- Ouverture du Camping (3)\" data-e-action-hash=\"#elementor-action%3Aaction%3Dlightbox%26settings%3DeyJpZCI6Mzk0OCwidXJsIjoiaHR0cHM6XC9cL2NhbXBpbmctbGUtY290dGV0LmZyXC93cC1jb250ZW50XC91cGxvYWRzXC8yMDE5XC8xMVwvQ2FtcGluZy1MZS1Db3R0ZXQtU2FpbnQtQXBwb2xpbmFyZC1PdXZlcnR1cmUtZHUtQ2FtcGluZy0zLmpwZyJ9\">\n\t\t\t\t\t\t\t<img decoding=\"async\" width=\"768\" height=\"1024\" src=\"https:\/\/camping-le-cottet.fr\/wp-content\/uploads\/2019\/11\/Camping-Le-Cottet-Saint-Appolinard-Ouverture-du-Camping-3-768x1024.jpg\" class=\"attachment-large size-large wp-image-3948\" alt=\"\" srcset=\"https:\/\/camping-le-cottet.fr\/wp-content\/uploads\/2019\/11\/Camping-Le-Cottet-Saint-Appolinard-Ouverture-du-Camping-3-768x1024.jpg 768w, https:\/\/camping-le-cottet.fr\/wp-content\/uploads\/2019\/11\/Camping-Le-Cottet-Saint-Appolinard-Ouverture-du-Camping-3-225x300.jpg 225w, https:\/\/camping-le-cottet.fr\/wp-content\/uploads\/2019\/11\/Camping-Le-Cottet-Saint-Appolinard-Ouverture-du-Camping-3-1152x1536.jpg 1152w, https:\/\/camping-le-cottet.fr\/wp-content\/uploads\/2019\/11\/Camping-Le-Cottet-Saint-Appolinard-Ouverture-du-Camping-3-600x800.jpg 600w, https:\/\/camping-le-cottet.fr\/wp-content\/uploads\/2019\/11\/Camping-Le-Cottet-Saint-Appolinard-Ouverture-du-Camping-3-700x933.jpg 700w, https:\/\/camping-le-cottet.fr\/wp-content\/uploads\/2019\/11\/Camping-Le-Cottet-Saint-Appolinard-Ouverture-du-Camping-3.jpg 1200w\" sizes=\"(max-width: 768px) 100vw, 768px\" \/>\t\t\t\t\t\t\t\t<\/a>\n\t\t\t\t\t\t\t\t\t\t\t\t\t\t\t<\/div>\n\t\t\t\t<\/div>\n\t\t\t\t\t<\/div>\n\t\t<\/div>\n\t\t\t\t<div class=\"elementor-column elementor-col-25 elementor-top-column elementor-element elementor-element-92279b8\" data-id=\"92279b8\" data-element_type=\"column\" data-e-type=\"column\">\n\t\t\t<div class=\"elementor-widget-wrap elementor-element-populated\">\n\t\t\t\t\t\t<div class=\"elementor-element elementor-element-d957324 elementor-widget elementor-widget-image\" data-id=\"d957324\" data-element_type=\"widget\" data-e-type=\"widget\" data-widget_type=\"image.default\">\n\t\t\t\t<div class=\"elementor-widget-container\">\n\t\t\t\t\t\t\t\t\t\t\t\t\t\t\t\t<a href=\"https:\/\/camping-le-cottet.fr\/wp-content\/uploads\/2019\/11\/Camping-Le-Cottet-Saint-Appolinard-Ouverture-du-Camping-2.jpg\" data-elementor-open-lightbox=\"yes\" data-elementor-lightbox-title=\"Camping Le Cottet-Saint Appolinard- Ouverture du Camping (2)\" data-e-action-hash=\"#elementor-action%3Aaction%3Dlightbox%26settings%3DeyJpZCI6Mzk0NiwidXJsIjoiaHR0cHM6XC9cL2NhbXBpbmctbGUtY290dGV0LmZyXC93cC1jb250ZW50XC91cGxvYWRzXC8yMDE5XC8xMVwvQ2FtcGluZy1MZS1Db3R0ZXQtU2FpbnQtQXBwb2xpbmFyZC1PdXZlcnR1cmUtZHUtQ2FtcGluZy0yLmpwZyJ9\">\n\t\t\t\t\t\t\t<img loading=\"lazy\" decoding=\"async\" width=\"461\" height=\"1024\" src=\"https:\/\/camping-le-cottet.fr\/wp-content\/uploads\/2019\/11\/Camping-Le-Cottet-Saint-Appolinard-Ouverture-du-Camping-2-461x1024.jpg\" class=\"attachment-large size-large wp-image-3946\" alt=\"\" srcset=\"https:\/\/camping-le-cottet.fr\/wp-content\/uploads\/2019\/11\/Camping-Le-Cottet-Saint-Appolinard-Ouverture-du-Camping-2-461x1024.jpg 461w, https:\/\/camping-le-cottet.fr\/wp-content\/uploads\/2019\/11\/Camping-Le-Cottet-Saint-Appolinard-Ouverture-du-Camping-2-135x300.jpg 135w, https:\/\/camping-le-cottet.fr\/wp-content\/uploads\/2019\/11\/Camping-Le-Cottet-Saint-Appolinard-Ouverture-du-Camping-2-691x1536.jpg 691w, https:\/\/camping-le-cottet.fr\/wp-content\/uploads\/2019\/11\/Camping-Le-Cottet-Saint-Appolinard-Ouverture-du-Camping-2-700x1556.jpg 700w, https:\/\/camping-le-cottet.fr\/wp-content\/uploads\/2019\/11\/Camping-Le-Cottet-Saint-Appolinard-Ouverture-du-Camping-2.jpg 720w\" sizes=\"(max-width: 461px) 100vw, 461px\" \/>\t\t\t\t\t\t\t\t<\/a>\n\t\t\t\t\t\t\t\t\t\t\t\t\t\t\t<\/div>\n\t\t\t\t<\/div>\n\t\t\t\t\t<\/div>\n\t\t<\/div>\n\t\t\t\t\t<\/div>\n\t\t<\/section>\n\t\t\t\t<\/div>\n\t\t","protected":false},"excerpt":{"rendered":"<p>.<\/p>\n","protected":false},"author":3,"featured_media":3944,"comment_status":"closed","ping_status":"open","sticky":false,"template":"","format":"standard","meta":{"footnotes":""},"categories":[36],"tags":[37,50,51],"class_list":["post-4875","post","type-post","status-publish","format-standard","has-post-thumbnail","hentry","category-camping-en","tag-nature-en","tag-ouverture-camping-le-cottet-en","tag-travaux-en"],"_links":{"self":[{"href":"https:\/\/camping-le-cottet.fr\/en\/wp-json\/wp\/v2\/posts\/4875","targetHints":{"allow":["GET"]}}],"collection":[{"href":"https:\/\/camping-le-cottet.fr\/en\/wp-json\/wp\/v2\/posts"}],"about":[{"href":"https:\/\/camping-le-cottet.fr\/en\/wp-json\/wp\/v2\/types\/post"}],"author":[{"embeddable":true,"href":"https:\/\/camping-le-cottet.fr\/en\/wp-json\/wp\/v2\/users\/3"}],"replies":[{"embeddable":true,"href":"https:\/\/camping-le-cottet.fr\/en\/wp-json\/wp\/v2\/comments?post=4875"}],"version-history":[{"count":0,"href":"https:\/\/camping-le-cottet.fr\/en\/wp-json\/wp\/v2\/posts\/4875\/revisions"}],"wp:featuredmedia":[{"embeddable":true,"href":"https:\/\/camping-le-cottet.fr\/en\/wp-json\/wp\/v2\/media\/3944"}],"wp:attachment":[{"href":"https:\/\/camping-le-cottet.fr\/en\/wp-json\/wp\/v2\/media?parent=4875"}],"wp:term":[{"taxonomy":"category","embeddable":true,"href":"https:\/\/camping-le-cottet.fr\/en\/wp-json\/wp\/v2\/categories?post=4875"},{"taxonomy":"post_tag","embeddable":true,"href":"https:\/\/camping-le-cottet.fr\/en\/wp-json\/wp\/v2\/tags?post=4875"}],"curies":[{"name":"wp","href":"https:\/\/api.w.org\/{rel}","templated":true}]}}